{"id":684,"date":"2025-01-02T16:43:17","date_gmt":"2025-01-02T15:43:17","guid":{"rendered":"https:\/\/diestimmschule.de\/?p=684"},"modified":"2025-01-02T16:46:58","modified_gmt":"2025-01-02T15:46:58","slug":"winterpause-in-der-stimmschule","status":"publish","type":"post","link":"https:\/\/diestimmschule.de\/index.php\/2025\/01\/02\/winterpause-in-der-stimmschule\/","title":{"rendered":"Winterpause in der Stimmschule"},"content":{"rendered":"\n<p>Bis Sonntag, den 05. Januar, befinde ich mich noch in der Winterpause. Naja, nicht ganz. Ich renoviere meine Wohnung, habe heute ein Interview f\u00fcr die Eckernf\u00f6rder Zeitung gegeben und arbeite an dem neuen Workbook, dass es zum Start n\u00e4chste Woche geben soll. Aber trotzdem: Zwischendurch gehe ich spazieren und genie\u00dfe die freie Zeit. Bis bald.<\/p>\n","protected":false},"excerpt":{"rendered":"<p>Bis Sonntag, den 05. Januar, befinde ich mich noch in der Winterpause. Naja, nicht ganz. Ich renoviere meine Wohnung, habe heute ein Interview f\u00fcr die Eckernf\u00f6rder Zeitung gegeben und arbeite an dem neuen Workbook, dass es zum Start n\u00e4chste Woche geben soll. Aber trotzdem: Zwischendurch gehe ich spazieren und genie\u00dfe die freie Zeit. Bis bald.<\/p>\n","protected":false},"author":1,"featured_media":685,"comment_status":"open","ping_status":"open","sticky":false,"template":"","format":"standard","meta":{"footnotes":""},"categories":[1],"tags":[],"class_list":["post-684","post","type-post","status-publish","format-standard","has-post-thumbnail","hentry","category-allgemein","latest_post"],"_links":{"self":[{"href":"https:\/\/diestimmschule.de\/index.php\/wp-json\/wp\/v2\/posts\/684","targetHints":{"allow":["GET"]}}],"collection":[{"href":"https:\/\/diestimmschule.de\/index.php\/wp-json\/wp\/v2\/posts"}],"about":[{"href":"https:\/\/diestimmschule.de\/index.php\/wp-json\/wp\/v2\/types\/post"}],"author":[{"embeddable":true,"href":"https:\/\/diestimmschule.de\/index.php\/wp-json\/wp\/v2\/users\/1"}],"replies":[{"embeddable":true,"href":"https:\/\/diestimmschule.de\/index.php\/wp-json\/wp\/v2\/comments?post=684"}],"version-history":[{"count":2,"href":"https:\/\/diestimmschule.de\/index.php\/wp-json\/wp\/v2\/posts\/684\/revisions"}],"predecessor-version":[{"id":688,"href":"https:\/\/diestimmschule.de\/index.php\/wp-json\/wp\/v2\/posts\/684\/revisions\/688"}],"wp:featuredmedia":[{"embeddable":true,"href":"https:\/\/diestimmschule.de\/index.php\/wp-json\/wp\/v2\/media\/685"}],"wp:attachment":[{"href":"https:\/\/diestimmschule.de\/index.php\/wp-json\/wp\/v2\/media?parent=684"}],"wp:term":[{"taxonomy":"category","embeddable":true,"href":"https:\/\/diestimmschule.de\/index.php\/wp-json\/wp\/v2\/categories?post=684"},{"taxonomy":"post_tag","embeddable":true,"href":"https:\/\/diestimmschule.de\/index.php\/wp-json\/wp\/v2\/tags?post=684"}],"curies":[{"name":"wp","href":"https:\/\/api.w.org\/{rel}","templated":true}]}}